{"id":987,"date":"2017-02-12T18:08:36","date_gmt":"2017-02-12T18:08:36","guid":{"rendered":"http:\/\/michal.mizera.pl\/?p=987"},"modified":"2021-03-20T08:04:15","modified_gmt":"2021-03-20T08:04:15","slug":"canon-550d-stale-zasilanie","status":"publish","type":"post","link":"https:\/\/michal.mizera.pl\/index.php\/canon-550d-stale-zasilanie\/","title":{"rendered":"Canon 550D &#8211; Sta\u0142e zasilanie"},"content":{"rendered":"<p style=\"text-align: justify;\"><a href=\"http:\/\/michal.mizera.pl\/wp-content\/uploads\/2017\/02\/dc-coupler-dre8-lp-e8-z-kablem.jpg\"><img loading=\"lazy\" decoding=\"async\" class=\"aligncenter size-medium wp-image-988\" src=\"http:\/\/michal.mizera.pl\/wp-content\/uploads\/2017\/02\/dc-coupler-dre8-lp-e8-z-kablem-300x300.jpg\" alt=\"\" width=\"300\" height=\"300\" srcset=\"https:\/\/michal.mizera.pl\/wp-content\/uploads\/2017\/02\/dc-coupler-dre8-lp-e8-z-kablem-300x300.jpg 300w, https:\/\/michal.mizera.pl\/wp-content\/uploads\/2017\/02\/dc-coupler-dre8-lp-e8-z-kablem-150x150.jpg 150w, https:\/\/michal.mizera.pl\/wp-content\/uploads\/2017\/02\/dc-coupler-dre8-lp-e8-z-kablem-768x768.jpg 768w, https:\/\/michal.mizera.pl\/wp-content\/uploads\/2017\/02\/dc-coupler-dre8-lp-e8-z-kablem.jpg 800w\" sizes=\"auto, (max-width: 300px) 100vw, 300px\" \/><\/a><br \/>\nW czasie zimowej aury, by skutecznie wykona\u0107 kilku godzinn\u0105 sesj\u0119 fotograficzn\u0105 na nieruchomym aparacie koniecznym jest u\u017cycie sta\u0142ego zasilania. Oto jak je we w\u0142asnym zakresie wykona\u0107.<!--more--><\/p>\n<p>&nbsp;<\/p>\n<p style=\"text-align: justify;\">M\u00f3j przyk\u0142ad jest \u00a0dedykowany oczywi\u015bcie pod AstroFotografi\u0119, jednak po pewnych modyfikacjach mo\u017ce znale\u017a\u0107 zastosowanie wsz\u0119dzie.<\/p>\n<p style=\"text-align: justify;\">Nale\u017cy przyj\u0105\u0107 pewne za\u0142o\u017cenia. Dla mnie jako podstawowe b\u0119dzie wkomponowanie zasilania aparatu <a href=\"http:\/\/michal.mizera.pl\/index.php\/rozgaleziacz-zasilania-atm\/\">w system zasilania <\/a>ca\u0142ego astrosprzetu dla napi\u0119cia 12V. Canon do zasialania u\u017cywa napi\u0119cia 7.8V i nale\u017cy bez wzgl\u0119dnie tego przestrzega\u0107.<\/p>\n<p style=\"text-align: justify;\">Kolejny krok to zebranie potrzebnych cz\u0119\u015bci.<br \/>\n1. Adapter baterii LP-E8 o symbolu \u00a0DR-E8 szt.1 (30z\u0142)<br \/>\n2. Regulator napi\u0119cia sta\u0142ego np.: LM2596HVS szt. 1 (12,50z\u0142)<br \/>\n3. Troch\u0119 kabla i wtyczka 2.1\/5.5 \u00a0(10z\u0142)<\/p>\n<p style=\"text-align: justify;\">Ad.1.<br \/>\nJest wiele odmian ww adaptera. Wszystkie s\u0105 dobre.<br \/>\nJa sw\u00f3j naby\u0142em na aliexpress.<br \/>\n<a href=\"http:\/\/michal.mizera.pl\/index.php\/canon-550d-stale-zasilanie\/dc-coupler-dre8-lp-e8-z-kablem\/\" rel=\"attachment wp-att-988\"><img loading=\"lazy\" decoding=\"async\" class=\"size-medium wp-image-988 aligncenter\" src=\"http:\/\/michal.mizera.pl\/wp-content\/uploads\/2017\/02\/dc-coupler-dre8-lp-e8-z-kablem-300x300.jpg\" alt=\"\" width=\"300\" height=\"300\" srcset=\"https:\/\/michal.mizera.pl\/wp-content\/uploads\/2017\/02\/dc-coupler-dre8-lp-e8-z-kablem-300x300.jpg 300w, https:\/\/michal.mizera.pl\/wp-content\/uploads\/2017\/02\/dc-coupler-dre8-lp-e8-z-kablem-150x150.jpg 150w, https:\/\/michal.mizera.pl\/wp-content\/uploads\/2017\/02\/dc-coupler-dre8-lp-e8-z-kablem-768x768.jpg 768w, https:\/\/michal.mizera.pl\/wp-content\/uploads\/2017\/02\/dc-coupler-dre8-lp-e8-z-kablem.jpg 800w\" sizes=\"auto, (max-width: 300px) 100vw, 300px\" \/><\/a>Ad.2.<br \/>\nJest \u00a0to regulator napi\u0119cia sta\u0142ego. Mo\u017cna r\u00f3wnie\u017c spotka\u0107 go pod nazwami &#8222;zasilacz przetwornica&#8221; czy &#8222;down stepper&#8221;.<br \/>\n<a href=\"http:\/\/michal.mizera.pl\/index.php\/canon-550d-stale-zasilanie\/regulator\/\" rel=\"attachment wp-att-989\"><img loading=\"lazy\" decoding=\"async\" class=\"size-medium wp-image-989 aligncenter\" src=\"http:\/\/michal.mizera.pl\/wp-content\/uploads\/2017\/02\/regulator-300x296.jpg\" alt=\"\" width=\"300\" height=\"296\" srcset=\"https:\/\/michal.mizera.pl\/wp-content\/uploads\/2017\/02\/regulator-300x296.jpg 300w, https:\/\/michal.mizera.pl\/wp-content\/uploads\/2017\/02\/regulator.jpg 400w\" sizes=\"auto, (max-width: 300px) 100vw, 300px\" \/><\/a><\/p>\n<p style=\"text-align: justify;\">Zasilanie 12V pod\u0142\u0105czamy do wej\u015bcia regulatora, na wyj\u015bcie voltomierz i kr\u0119cimy t\u0105 mosi\u0119\u017cn\u0105 \u015brubk\u0105 a\u017c uzyskamy zadane napi\u0119cie. Nast\u0119pnie gdy jest ono poprawne podlutowujemy do wyj\u015bcia nasz adapter i gotowe.<\/p>\n<div id='gallery-1' class='gallery galleryid-987 gallery-columns-2 gallery-size-thumbnail'><figure class='gallery-item'>\n\t\t\t<div class='gallery-icon landscape'>\n\t\t\t\t<a href='https:\/\/michal.mizera.pl\/wp-content\/uploads\/2017\/02\/WP_20170105_22_35_20_Rich.jpg'><img loading=\"lazy\" decoding=\"async\" width=\"150\" height=\"150\" src=\"https:\/\/michal.mizera.pl\/wp-content\/uploads\/2017\/02\/WP_20170105_22_35_20_Rich-150x150.jpg\" class=\"attachment-thumbnail size-thumbnail\" alt=\"\" \/><\/a>\n\t\t\t<\/div><\/figure><figure class='gallery-item'>\n\t\t\t<div class='gallery-icon landscape'>\n\t\t\t\t<a href='https:\/\/michal.mizera.pl\/wp-content\/uploads\/2017\/02\/WP_20170105_22_54_14_Rich.jpg'><img loading=\"lazy\" decoding=\"async\" width=\"150\" height=\"150\" src=\"https:\/\/michal.mizera.pl\/wp-content\/uploads\/2017\/02\/WP_20170105_22_54_14_Rich-150x150.jpg\" class=\"attachment-thumbnail size-thumbnail\" alt=\"\" \/><\/a>\n\t\t\t<\/div><\/figure>\n\t\t<\/div>\n\n<p style=\"text-align: justify;\">Miernik wskaza\u0142 \u017ce aparat w czasie pracy pobiera do 6W.<\/p>\n<p style=\"text-align: justify;\">\n","protected":false},"excerpt":{"rendered":"<p>W czasie zimowej aury, by skutecznie wykona\u0107 kilku godzinn\u0105 sesj\u0119 fotograficzn\u0105 na nieruchomym aparacie koniecznym jest u\u017cycie sta\u0142ego zasilania. Oto jak je we w\u0142asnym zakresie wykona\u0107.<\/p>\n","protected":false},"author":1,"featured_media":0,"comment_status":"closed","ping_status":"closed","sticky":false,"template":"","format":"standard","meta":{"ngg_post_thumbnail":0,"footnotes":""},"categories":[7],"tags":[27,24,25,26],"class_list":["post-987","post","type-post","status-publish","format-standard","hentry","category-maszyneria","tag-550d","tag-canon-zasilanie","tag-stale-zasilanie","tag-zasilanie-stale-canon"],"_links":{"self":[{"href":"https:\/\/michal.mizera.pl\/index.php\/wp-json\/wp\/v2\/posts\/987","targetHints":{"allow":["GET"]}}],"collection":[{"href":"https:\/\/michal.mizera.pl\/index.php\/wp-json\/wp\/v2\/posts"}],"about":[{"href":"https:\/\/michal.mizera.pl\/index.php\/wp-json\/wp\/v2\/types\/post"}],"author":[{"embeddable":true,"href":"https:\/\/michal.mizera.pl\/index.php\/wp-json\/wp\/v2\/users\/1"}],"replies":[{"embeddable":true,"href":"https:\/\/michal.mizera.pl\/index.php\/wp-json\/wp\/v2\/comments?post=987"}],"version-history":[{"count":16,"href":"https:\/\/michal.mizera.pl\/index.php\/wp-json\/wp\/v2\/posts\/987\/revisions"}],"predecessor-version":[{"id":1305,"href":"https:\/\/michal.mizera.pl\/index.php\/wp-json\/wp\/v2\/posts\/987\/revisions\/1305"}],"wp:attachment":[{"href":"https:\/\/michal.mizera.pl\/index.php\/wp-json\/wp\/v2\/media?parent=987"}],"wp:term":[{"taxonomy":"category","embeddable":true,"href":"https:\/\/michal.mizera.pl\/index.php\/wp-json\/wp\/v2\/categories?post=987"},{"taxonomy":"post_tag","embeddable":true,"href":"https:\/\/michal.mizera.pl\/index.php\/wp-json\/wp\/v2\/tags?post=987"}],"curies":[{"name":"wp","href":"https:\/\/api.w.org\/{rel}","templated":true}]}}