{"id":375,"date":"2016-05-12T21:34:50","date_gmt":"2016-05-12T21:34:50","guid":{"rendered":"http:\/\/michal.mizera.pl\/?p=375"},"modified":"2021-03-20T08:04:28","modified_gmt":"2021-03-20T08:04:28","slug":"neq6-zatrzymac-niebo","status":"publish","type":"post","link":"https:\/\/michal.mizera.pl\/index.php\/neq6-zatrzymac-niebo\/","title":{"rendered":"NEQ6 &#8211; zatrzyma\u0107 niebo"},"content":{"rendered":"<p><a href=\"http:\/\/michal.mizera.pl\/wp-content\/uploads\/2016\/05\/WP_20160506_22_44_28_Rich.jpg\"><img loading=\"lazy\" decoding=\"async\" class=\"alignleft wp-image-362 size-medium\" src=\"http:\/\/michal.mizera.pl\/wp-content\/uploads\/2016\/05\/WP_20160506_22_44_28_Rich-168x300.jpg\" alt=\"WP_20160506_22_44_28_Rich\" width=\"168\" height=\"300\" srcset=\"https:\/\/michal.mizera.pl\/wp-content\/uploads\/2016\/05\/WP_20160506_22_44_28_Rich-168x300.jpg 168w, https:\/\/michal.mizera.pl\/wp-content\/uploads\/2016\/05\/WP_20160506_22_44_28_Rich-768x1371.jpg 768w, https:\/\/michal.mizera.pl\/wp-content\/uploads\/2016\/05\/WP_20160506_22_44_28_Rich-574x1024.jpg 574w, https:\/\/michal.mizera.pl\/wp-content\/uploads\/2016\/05\/WP_20160506_22_44_28_Rich.jpg 1200w\" sizes=\"auto, (max-width: 168px) 100vw, 168px\" \/><\/a><\/p>\n<p style=\"text-align: justify;\">Monta\u017c paralaktyczny to klucz do sukcesu fotografii nieba. Co to jest ? Na czym to polega ? Jak tego u\u017cywa\u0107 ? zapraszam do kr\u00f3tkiej lektury.<br \/>\n<!--more--><\/p>\n<p style=\"text-align: justify;\">Ja zapewne wszyscy wiecie, ziemia si\u0119 kr\u0119ci i \u017cadnej aureki tutaj nie odkry\u0142em. Ludzkie oko to bardzo z\u0142o\u017cony i do pewnego stopnia bardzo precyzyjny przyrz\u0105d naszej percepcji. Patrz\u0105c w niebo, ciemn\u0105 noc\u0105 mo\u017cemy je\u017celi warunki na to pozwol\u0105 bez problemu upaja\u0107 si\u0119 widokiem Drogi Mlecznej. Jest \u00a0ona \u00a0na tyle jasnym obiektem g\u0142\u0119bokiego nieba, \u017ce bez trudu j\u0105 zaobserwujemy. \u00a0Gdy b\u0119dziemy pr\u00f3bowali na statywie uchwyci\u0107 jej pi\u0119kno aparatem, szybko przekonamy si\u0119 \u017ce nie jest \u00a0to takie proste.<\/p>\n<p style=\"text-align: justify;\">Jako przyk\u0142ad pos\u0142u\u017c\u0119 si\u0119 typowym sprz\u0119tem fotograficznym. DSLR (lustrzanka) Canona ze sta\u0142oogniskowym obiektywem 50mm o \u015bwiat\u0142osile F\/1.4. Jest to bardzo popularny obiektyw portretowy. Przy jego ogniskowej, aby gwiazdy by\u0142y punkcikami mo\u017cemy wykona\u0107 ekspozycj\u0119 (na\u015bwietlenie) nie d\u0142u\u017csze ni\u017c 5 sek. D\u0142u\u017csza ekspozycja uwidoczni ruch gwiazd. Im mniejsza \u00a0ogniskowa tym d\u0142u\u017cszy mo\u017ce \u00a0by\u0107 czas \u00a0na\u015bwietlania. Dla GoPro \u00a0kt\u00f3ra posiada obiektyw o ogniskowej 3mm jest to 30 sekund. Dla 200mm Jupitera M21 jest to 1.4 sek.<\/p>\n<figure id=\"attachment_380\" aria-describedby=\"caption-attachment-380\" style=\"width: 300px\" class=\"wp-caption aligncenter\"><a href=\"http:\/\/michal.mizera.pl\/wp-content\/uploads\/2016\/05\/pic1.jpg\"><img loading=\"lazy\" decoding=\"async\" class=\"wp-image-380 size-medium\" src=\"http:\/\/michal.mizera.pl\/wp-content\/uploads\/2016\/05\/pic1-300x222.jpg\" width=\"300\" height=\"222\" srcset=\"https:\/\/michal.mizera.pl\/wp-content\/uploads\/2016\/05\/pic1-300x222.jpg 300w, https:\/\/michal.mizera.pl\/wp-content\/uploads\/2016\/05\/pic1-768x568.jpg 768w, https:\/\/michal.mizera.pl\/wp-content\/uploads\/2016\/05\/pic1-1024x757.jpg 1024w, https:\/\/michal.mizera.pl\/wp-content\/uploads\/2016\/05\/pic1.jpg 1731w\" sizes=\"auto, (max-width: 300px) 100vw, 300px\" \/><\/a><figcaption id=\"caption-attachment-380\" class=\"wp-caption-text\">Obiektyw 50mm, ekspozycja 10sek. ISO3200<\/figcaption><\/figure>\n<figure id=\"attachment_384\" aria-describedby=\"caption-attachment-384\" style=\"width: 300px\" class=\"wp-caption aligncenter\"><a href=\"http:\/\/michal.mizera.pl\/wp-content\/uploads\/2016\/05\/pic2.jpg\"><img loading=\"lazy\" decoding=\"async\" class=\"wp-image-384 size-medium\" src=\"http:\/\/michal.mizera.pl\/wp-content\/uploads\/2016\/05\/pic2-300x279.jpg\" alt=\"pic2\" width=\"300\" height=\"279\" srcset=\"https:\/\/michal.mizera.pl\/wp-content\/uploads\/2016\/05\/pic2-300x279.jpg 300w, https:\/\/michal.mizera.pl\/wp-content\/uploads\/2016\/05\/pic2-768x715.jpg 768w, https:\/\/michal.mizera.pl\/wp-content\/uploads\/2016\/05\/pic2.jpg 819w\" sizes=\"auto, (max-width: 300px) 100vw, 300px\" \/><\/a><figcaption id=\"caption-attachment-384\" class=\"wp-caption-text\">Obiektyw 50mm, ekspozycja 1sek, ISO3200<\/figcaption><\/figure>\n<p style=\"text-align: justify;\">Te czasy ekspozycji nawet \u00a0przy wysokiej czu\u0142o\u015bci matrycy (ISO) nie pozwol\u0105 nam w \u00a0pe\u0142ni uchwyci\u0107 tego, co widzimy naszymi oczami. A gdy zapragniemy uchwyci\u0107 co\u015b czego nasze oczy nie widz\u0105 ? Np. Andromed\u0119 kt\u00f3ra jest czterokrotnie wi\u0119ksz\u0105 od ksi\u0119\u017cyca w \u00a0pe\u0142ni, ale jej blask jest tak s\u0142aby, \u017ce \u00a0nasze \u00a0oczy go nie wychwytuj\u0105 ?<\/p>\n<p style=\"text-align: justify;\">Z pomoc\u0105 przychodzi wspomniany na wst\u0119pie monta\u017c paralaktyczny, czyli swoisty &#8222;inteligentny statyw&#8221;. Pozwala on \u015bledzi\u0107 ruch gwiazd kt\u00f3ry odbywa si\u0119 po p\u0142aszczy\u017anie r\u00f3wnika niebieskiego.<br \/>\nMonta\u017c posiada dwie osie obrotu, RA \u00a0i DEC (Rektascencji i Deklinacji). \u00a0O\u015b RA to ta \u00a0kt\u00f3ra obracamy teleskop od wschodu na zach\u00f3d a o\u015b DEC to o\u015b od p\u00f3\u0142nocy do po\u0142udnia. \u00a0RA &#8211; prawo\/lewo DEC &#8211; g\u00f3ra\/d\u00f3\u0142 w wielkim skr\u00f3cie.<br \/>\nMonta\u017ce wyposa\u017cone \u00a0w nap\u0119dy obu osi jak tytu\u0142owy NEQ6 w zasadzie wykonuj\u0105 ca\u0142a robot\u0119 za \u00a0u\u017cytkownika.<br \/>\nProces ustawienia \u00a0monta\u017cu polega \u00a0na wyr\u00f3wnaniu go na gwiazd\u0119 Polarn\u0105. Nast\u0119pnie odnajdujemy obiekt \u00a0kt\u00f3ry chcemy obserwowa\u0107, ustawiamy stosown\u0105 pr\u0119dko\u015b\u0107 korekcji (gwiezdna, planetarna, s\u0142oneczna, ksi\u0119\u017cycowa) i cieszymy si\u0119 nieuciekaj\u0105cym obrazem w okularze.<\/p>\n<p style=\"text-align: justify;\">Tak mo\u017cemy wykonywa\u0107 zdj\u0119cia o ekspozycji nawet 600sek. i wci\u0105\u017c gwiazdy b\u0119d\u0105 punkcikami. Aby jeszcze poprawi\u0107 dok\u0142adno\u015b\u0107 prowadzenia monta\u017cu stosuje si\u0119 guiding. To korekta prowadzenia monta\u017cu wykorzystuj\u0105ca dodatkowy teleskop i kamer\u0119 do korekty prowadzenia \u00a0przez obserwacj\u0119 gwiazdy prowadz\u0105cej.<\/p>\n<p><a href=\"http:\/\/michal.mizera.pl\/wp-content\/uploads\/2016\/05\/guiding.jpg\"><img loading=\"lazy\" decoding=\"async\" class=\"aligncenter size-medium wp-image-391\" src=\"http:\/\/michal.mizera.pl\/wp-content\/uploads\/2016\/05\/guiding-300x225.jpg\" alt=\"guiding\" width=\"300\" height=\"225\" \/><\/a><\/p>\n","protected":false},"excerpt":{"rendered":"<p>Monta\u017c paralaktyczny to klucz do sukcesu fotografii nieba. Co to jest ? Na czym to polega ? Jak tego u\u017cywa\u0107 ? zapraszam do kr\u00f3tkiej lektury.<\/p>\n","protected":false},"author":1,"featured_media":0,"comment_status":"closed","ping_status":"closed","sticky":false,"template":"","format":"standard","meta":{"ngg_post_thumbnail":0,"footnotes":""},"categories":[7],"tags":[],"class_list":["post-375","post","type-post","status-publish","format-standard","hentry","category-maszyneria"],"_links":{"self":[{"href":"https:\/\/michal.mizera.pl\/index.php\/wp-json\/wp\/v2\/posts\/375","targetHints":{"allow":["GET"]}}],"collection":[{"href":"https:\/\/michal.mizera.pl\/index.php\/wp-json\/wp\/v2\/posts"}],"about":[{"href":"https:\/\/michal.mizera.pl\/index.php\/wp-json\/wp\/v2\/types\/post"}],"author":[{"embeddable":true,"href":"https:\/\/michal.mizera.pl\/index.php\/wp-json\/wp\/v2\/users\/1"}],"replies":[{"embeddable":true,"href":"https:\/\/michal.mizera.pl\/index.php\/wp-json\/wp\/v2\/comments?post=375"}],"version-history":[{"count":14,"href":"https:\/\/michal.mizera.pl\/index.php\/wp-json\/wp\/v2\/posts\/375\/revisions"}],"predecessor-version":[{"id":392,"href":"https:\/\/michal.mizera.pl\/index.php\/wp-json\/wp\/v2\/posts\/375\/revisions\/392"}],"wp:attachment":[{"href":"https:\/\/michal.mizera.pl\/index.php\/wp-json\/wp\/v2\/media?parent=375"}],"wp:term":[{"taxonomy":"category","embeddable":true,"href":"https:\/\/michal.mizera.pl\/index.php\/wp-json\/wp\/v2\/categories?post=375"},{"taxonomy":"post_tag","embeddable":true,"href":"https:\/\/michal.mizera.pl\/index.php\/wp-json\/wp\/v2\/tags?post=375"}],"curies":[{"name":"wp","href":"https:\/\/api.w.org\/{rel}","templated":true}]}}