{"id":2355,"date":"2025-06-16T10:57:24","date_gmt":"2025-06-16T10:57:24","guid":{"rendered":"https:\/\/michal.mizera.pl\/?p=2355"},"modified":"2025-06-16T11:00:03","modified_gmt":"2025-06-16T11:00:03","slug":"swiadectwa-szkolne-na-rok-szkolny-2024-25","status":"publish","type":"post","link":"https:\/\/michal.mizera.pl\/index.php\/swiadectwa-szkolne-na-rok-szkolny-2024-25\/","title":{"rendered":"\u015awiadectwa szkolne na rok szkolny 2024\/25"},"content":{"rendered":"\n<p>Kompendium dla Szko\u0142y Podstawowej:<\/p>\n<p>\u015awiadectwa:<\/p>\n<p>MEiN-I\/1\/1 dla uczni\u00f3w klas I\u2013III szko\u0142y podstawowej dla dzieci<br>i m\u0142odzie\u017cy&nbsp;<\/p>\n<p>MEiN-I\/3\/1 dla uczni\u00f3w klas IV\u2013VII szko\u0142y podstawowej dla dzieci<br>i m\u0142odzie\u017cy&nbsp;<br>MEiN-I\/4-w\/1 dla uczni\u00f3w klas IV\u2013VII szko\u0142y podstawowej dla dzieci<br>i m\u0142odzie\u017cy \u2013 z wyr\u00f3\u017cnieniem&nbsp;<\/p>\n<p><em>MEiN-\/8\/1&nbsp; klasa VIII dla uczni\u00f3w szko\u0142y podstawowej dla dzieci i m\u0142odzie\u017cy oraz dla s\u0142uchaczy szko\u0142y podstawowej dla doros\u0142ych, zawieraj\u0105ce znak graficzny PRK II&nbsp;<br><\/em><em>MEiN-I\/9 w\/1 klasa VIII dla uczni\u00f3w szko\u0142y podstawowej dla dzieci<br>i m\u0142odzie\u017cy, zawieraj\u0105ce znak graficzny PRK II \u2013 z wyr\u00f3\u017cnieniem&nbsp;<\/em><\/p>\n<p>Arkusze&nbsp;ocen:<br>MEiN-I\/44\/1 dla uczni\u00f3w szko\u0142y podstawowej dla dzieci i m\u0142odzie\u017cy&nbsp;<\/p>\n\n\n","protected":false},"excerpt":{"rendered":"<p>Kompendium dla Szko\u0142y Podstawowej: \u015awiadectwa: MEiN-I\/1\/1 dla uczni\u00f3w klas I\u2013III szko\u0142y podstawowej dla dziecii m\u0142odzie\u017cy&nbsp; MEiN-I\/3\/1 dla uczni\u00f3w klas IV\u2013VII szko\u0142y podstawowej dla dziecii m\u0142odzie\u017cy&nbsp;MEiN-I\/4-w\/1 dla uczni\u00f3w klas IV\u2013VII szko\u0142y podstawowej dla dziecii m\u0142odzie\u017cy \u2013 z wyr\u00f3\u017cnieniem&nbsp; MEiN-\/8\/1&nbsp; klasa VIII dla uczni\u00f3w szko\u0142y podstawowej dla dzieci i m\u0142odzie\u017cy oraz dla s\u0142uchaczy szko\u0142y podstawowej dla doros\u0142ych, &hellip; <a href=\"https:\/\/michal.mizera.pl\/index.php\/swiadectwa-szkolne-na-rok-szkolny-2024-25\/\" class=\"more-link\">Czytaj dalej <span class=\"screen-reader-text\">\u015awiadectwa szkolne na rok szkolny 2024\/25<\/span> <span class=\"meta-nav\">&rarr;<\/span><\/a><\/p>\n","protected":false},"author":1,"featured_media":0,"comment_status":"closed","ping_status":"closed","sticky":false,"template":"","format":"standard","meta":{"ngg_post_thumbnail":0,"footnotes":""},"categories":[1],"tags":[],"class_list":["post-2355","post","type-post","status-publish","format-standard","hentry","category-uncategorized"],"_links":{"self":[{"href":"https:\/\/michal.mizera.pl\/index.php\/wp-json\/wp\/v2\/posts\/2355","targetHints":{"allow":["GET"]}}],"collection":[{"href":"https:\/\/michal.mizera.pl\/index.php\/wp-json\/wp\/v2\/posts"}],"about":[{"href":"https:\/\/michal.mizera.pl\/index.php\/wp-json\/wp\/v2\/types\/post"}],"author":[{"embeddable":true,"href":"https:\/\/michal.mizera.pl\/index.php\/wp-json\/wp\/v2\/users\/1"}],"replies":[{"embeddable":true,"href":"https:\/\/michal.mizera.pl\/index.php\/wp-json\/wp\/v2\/comments?post=2355"}],"version-history":[{"count":5,"href":"https:\/\/michal.mizera.pl\/index.php\/wp-json\/wp\/v2\/posts\/2355\/revisions"}],"predecessor-version":[{"id":2360,"href":"https:\/\/michal.mizera.pl\/index.php\/wp-json\/wp\/v2\/posts\/2355\/revisions\/2360"}],"wp:attachment":[{"href":"https:\/\/michal.mizera.pl\/index.php\/wp-json\/wp\/v2\/media?parent=2355"}],"wp:term":[{"taxonomy":"category","embeddable":true,"href":"https:\/\/michal.mizera.pl\/index.php\/wp-json\/wp\/v2\/categories?post=2355"},{"taxonomy":"post_tag","embeddable":true,"href":"https:\/\/michal.mizera.pl\/index.php\/wp-json\/wp\/v2\/tags?post=2355"}],"curies":[{"name":"wp","href":"https:\/\/api.w.org\/{rel}","templated":true}]}}