{"id":2234,"date":"2022-01-24T19:53:23","date_gmt":"2022-01-24T19:53:23","guid":{"rendered":"https:\/\/michal.mizera.pl\/?p=2234"},"modified":"2022-01-24T19:53:23","modified_gmt":"2022-01-24T19:53:23","slug":"mglawica-pajak","status":"publish","type":"post","link":"https:\/\/michal.mizera.pl\/index.php\/mglawica-pajak\/","title":{"rendered":"Mg\u0142awica Paj\u0105k"},"content":{"rendered":"<p>W galerii znalaz\u0142o si\u0119 zdj\u0119cie Mg\u0142awicy Paj\u0105k IC 417 (na dole galerii). To ciemna mg\u0142awica niecz\u0119sto fotografowana, dlatego przedstawiam :)<\/p>\n","protected":false},"excerpt":{"rendered":"<p>W galerii znalaz\u0142o si\u0119 zdj\u0119cie Mg\u0142awicy Paj\u0105k IC 417 (na dole galerii). To ciemna mg\u0142awica niecz\u0119sto fotografowana, dlatego przedstawiam :)<\/p>\n","protected":false},"author":1,"featured_media":0,"comment_status":"closed","ping_status":"closed","sticky":false,"template":"","format":"standard","meta":{"ngg_post_thumbnail":0,"footnotes":""},"categories":[3,36],"tags":[],"class_list":["post-2234","post","type-post","status-publish","format-standard","hentry","category-astro","category-astrobudka"],"_links":{"self":[{"href":"https:\/\/michal.mizera.pl\/index.php\/wp-json\/wp\/v2\/posts\/2234","targetHints":{"allow":["GET"]}}],"collection":[{"href":"https:\/\/michal.mizera.pl\/index.php\/wp-json\/wp\/v2\/posts"}],"about":[{"href":"https:\/\/michal.mizera.pl\/index.php\/wp-json\/wp\/v2\/types\/post"}],"author":[{"embeddable":true,"href":"https:\/\/michal.mizera.pl\/index.php\/wp-json\/wp\/v2\/users\/1"}],"replies":[{"embeddable":true,"href":"https:\/\/michal.mizera.pl\/index.php\/wp-json\/wp\/v2\/comments?post=2234"}],"version-history":[{"count":1,"href":"https:\/\/michal.mizera.pl\/index.php\/wp-json\/wp\/v2\/posts\/2234\/revisions"}],"predecessor-version":[{"id":2235,"href":"https:\/\/michal.mizera.pl\/index.php\/wp-json\/wp\/v2\/posts\/2234\/revisions\/2235"}],"wp:attachment":[{"href":"https:\/\/michal.mizera.pl\/index.php\/wp-json\/wp\/v2\/media?parent=2234"}],"wp:term":[{"taxonomy":"category","embeddable":true,"href":"https:\/\/michal.mizera.pl\/index.php\/wp-json\/wp\/v2\/categories?post=2234"},{"taxonomy":"post_tag","embeddable":true,"href":"https:\/\/michal.mizera.pl\/index.php\/wp-json\/wp\/v2\/tags?post=2234"}],"curies":[{"name":"wp","href":"https:\/\/api.w.org\/{rel}","templated":true}]}}