{"id":2150,"date":"2020-12-12T15:15:56","date_gmt":"2020-12-12T15:15:56","guid":{"rendered":"http:\/\/michal.mizera.pl\/?p=2150"},"modified":"2021-03-20T08:03:41","modified_gmt":"2021-03-20T08:03:41","slug":"uchwyt-na-dwa-aparaty","status":"publish","type":"post","link":"https:\/\/michal.mizera.pl\/index.php\/uchwyt-na-dwa-aparaty\/","title":{"rendered":"Uchwyt na dwa aparaty"},"content":{"rendered":"<p style=\"text-align: justify;\"><a href=\"http:\/\/michal.mizera.pl\/index.php\/uchwyt-na-dwa-aparaty\/1-2\/\" rel=\"attachment wp-att-2158\"><img loading=\"lazy\" decoding=\"async\" class=\"aligncenter size-thumbnail wp-image-2158\" src=\"http:\/\/michal.mizera.pl\/wp-content\/uploads\/2020\/12\/1-e1607786118541-150x150.jpg\" alt=\"\" width=\"150\" height=\"150\"><\/a><br \/>\nKolejny projekt ATM.&nbsp; Tym razem b\u0119dziemy wzbogaca\u0107 najprostszy monta\u017c paralaktyczny o uchwyt kt\u00f3ry obs\u0142u\u017cy nam dwa aparaty, po co&#8230; magiczne s\u0142owo prowadzenie (guiding), a oto ca\u0142a historia&#8230;.<br \/>\n<!--more--><br \/>\nDo EQ3-2 mamy ju\u017c jaki\u015b czas go\u015bcinnie dost\u0119p, na pierwsze urodziny dosta\u0142 nap\u0119d w 2 osiach. Potem przerobi\u0142em pilota tak by teoretycznie by\u0142 w stanie guidowa\u0107. Teoretycznie bo na praktyk\u0119 przysz\u0142o mu poczeka\u0107 kolejny rok. Z racji braku NEQ (serwis) spr\u00f3bowali\u015bmy z Arturem si\u0119 nim pobawi\u0107. Cho\u0107 wszystko by\u0142o z\u0142o\u017cone na kolanie i poprostu wzi\u0119li\u015bmy prawie wszystko co mieli\u015bmy pod r\u0119k\u0105 efekt okaza\u0142 si\u0119 zaskakuj\u0105cy dobry. Powiesili\u015bmy na nim RedCata i Asi071&#8230;. Wszystko na uchwycie od SA. Puki nie zarosi\u0142o to wykres oscylowa\u0142 w okolicach 1-1.2sek. Przy tej skali to nie ma znaczenia. Gwiazdki w punkt. Do 5min cisn\u0105\u0142em.<\/p>\n<div class=\"o9v6fnle cxmmr5t8 oygrvhab hcukyx3x c1et5uql ii04i59q\" style=\"text-align: justify;\">\n<div dir=\"auto\">Wr\u00f3ci\u0142em do domu pe\u0142en g\u0142odu o wi\u0119cej. Problem\u00f3w by\u0142o a w\u0142a\u015bciwie wci\u0105\u017c jest kilka. Uchwyt od SA trzeba Arturowi odda\u0107 a i guidowa\u0107 niby jest czym a niby nie ma. Niby czym jest bo mam ma\u0142\u0105 ASI ale nie mam obiektywu. Oprogramowanie te\u017c by si\u0119 przyda\u0142o&#8230; niby mam zar\u00f3wno iAstroHuba jak i AsiAir cho\u0107 kamerka do tego ostatniego nie podo\u0142a. No i nie mam uchwytu.<\/div>\n<\/div>\n<div class=\"o9v6fnle cxmmr5t8 oygrvhab hcukyx3x c1et5uql ii04i59q\" style=\"text-align: justify;\">\n<div dir=\"auto\">Jaki uchwyt musi by\u0107 ? Sztywny!<\/div>\n<div dir=\"auto\">5mm grubo\u015bci p\u0142askownik aluminium&#8230; nim skleci\u0142em wersj\u0119 finalna zu\u017cy\u0142em go prawie metr.<\/div>\n<\/div>\n<div class=\"o9v6fnle cxmmr5t8 oygrvhab hcukyx3x c1et5uql ii04i59q\" style=\"text-align: justify;\">\n<div dir=\"auto\">Elektronika jeszcze w powijakach, dopiero opracowa\u0142em dokumentacj\u0119 techniczn\u0105 i zam\u00f3wi\u0142em cz\u0119\u015bci&#8230;. w lutym pewnie ujrzy \u015bwiat\u0142o dzienne a w\u0142a\u015bciwie to najlepiej nocne ^^.<\/div>\n<\/div>\n<div class=\"o9v6fnle cxmmr5t8 oygrvhab hcukyx3x c1et5uql ii04i59q\">\n<div dir=\"auto\" style=\"text-align: justify;\">Tymczasem uchwyt uwa\u017cam za sko\u0144czony. Po tak d\u0142ugim wst\u0119pie chyba mog\u0119 go ju\u017c Wam pokaza\u0107. ^^.<\/div>\n<div dir=\"auto\">ngg_shortcode_0_placeholder<\/div>\n<\/div>\n","protected":false},"excerpt":{"rendered":"<p>Kolejny projekt ATM.&nbsp; Tym razem b\u0119dziemy wzbogaca\u0107 najprostszy monta\u017c paralaktyczny o uchwyt kt\u00f3ry obs\u0142u\u017cy nam dwa aparaty, po co&#8230; magiczne s\u0142owo prowadzenie (guiding), a oto ca\u0142a historia&#8230;.<\/p>\n","protected":false},"author":1,"featured_media":0,"comment_status":"closed","ping_status":"closed","sticky":false,"template":"","format":"standard","meta":{"ngg_post_thumbnail":0,"footnotes":""},"categories":[3,7],"tags":[],"class_list":["post-2150","post","type-post","status-publish","format-standard","hentry","category-astro","category-maszyneria"],"_links":{"self":[{"href":"https:\/\/michal.mizera.pl\/index.php\/wp-json\/wp\/v2\/posts\/2150","targetHints":{"allow":["GET"]}}],"collection":[{"href":"https:\/\/michal.mizera.pl\/index.php\/wp-json\/wp\/v2\/posts"}],"about":[{"href":"https:\/\/michal.mizera.pl\/index.php\/wp-json\/wp\/v2\/types\/post"}],"author":[{"embeddable":true,"href":"https:\/\/michal.mizera.pl\/index.php\/wp-json\/wp\/v2\/users\/1"}],"replies":[{"embeddable":true,"href":"https:\/\/michal.mizera.pl\/index.php\/wp-json\/wp\/v2\/comments?post=2150"}],"version-history":[{"count":4,"href":"https:\/\/michal.mizera.pl\/index.php\/wp-json\/wp\/v2\/posts\/2150\/revisions"}],"predecessor-version":[{"id":2162,"href":"https:\/\/michal.mizera.pl\/index.php\/wp-json\/wp\/v2\/posts\/2150\/revisions\/2162"}],"wp:attachment":[{"href":"https:\/\/michal.mizera.pl\/index.php\/wp-json\/wp\/v2\/media?parent=2150"}],"wp:term":[{"taxonomy":"category","embeddable":true,"href":"https:\/\/michal.mizera.pl\/index.php\/wp-json\/wp\/v2\/categories?post=2150"},{"taxonomy":"post_tag","embeddable":true,"href":"https:\/\/michal.mizera.pl\/index.php\/wp-json\/wp\/v2\/tags?post=2150"}],"curies":[{"name":"wp","href":"https:\/\/api.w.org\/{rel}","templated":true}]}}