{"id":1930,"date":"2019-07-17T13:27:10","date_gmt":"2019-07-17T13:27:10","guid":{"rendered":"http:\/\/michal.mizera.pl\/?p=1930"},"modified":"2021-03-20T08:03:42","modified_gmt":"2021-03-20T08:03:42","slug":"czesciowe-zacmienie-ksiezyca","status":"publish","type":"post","link":"https:\/\/michal.mizera.pl\/index.php\/czesciowe-zacmienie-ksiezyca\/","title":{"rendered":"Cz\u0119\u015bciowe za\u0107mienie Ksi\u0119\u017cyca"},"content":{"rendered":"<p><iframe loading=\"lazy\" src=\"\/\/www.youtube.com\/embed\/I29APTAI6aY\" allowfullscreen=\"allowfullscreen\" width=\"560\" height=\"314\"><\/iframe><\/p>\n<p style=\"text-align: justify;\">No wi\u0119c na wczorajsze cz\u0119\u015bciowe za\u0107mienie Ksi\u0119\u017cyca zaprosi\u0142 mnie Kamil. Pojechali\u015bmy wi\u0119c do Wdzydz Kiszewskich, tam jest taka ca\u0142kiem sporawa wie\u017ca widokowa. Wnie\u015bli\u015bmy sprz\u0119t i spokojnie czekali\u015bmy na to co si\u0119 wydarzy. Wsch\u00f3d Ksi\u0119\u017cyca nas zaskoczy\u0142. Bo by\u0142 i to ca\u0142kiem fajny pomimo \u015bredniej perspektywy na niebie.<!--more--><\/p>\n<p style=\"text-align: justify;\">Gdy Ksi\u0119\u017cyc wchodzi\u0142 w faz\u0119 za\u0107mienia nasta\u0142 deszcz. W sumie to ulewa. Do oko\u0142o 23:30 nie by\u0142o szans na cokolwiek, wia\u0142o i pada\u0142o. Potem zostali\u015bmy wynagrodzeni<span class=\"text_exposed_show\"> za cierpliwo\u015b\u0107 i ostatni\u0105 godzin\u0119 mieli\u015bmy nie tylko Ksi\u0119\u017cyc do swojej dyspozycji ale i urocze przelatuj\u0105ce chmurki&#8230;. a nie opodal u\u015bmiecha\u0142 si\u0119 do nas Saturn z koleg\u0105 Jowiszem. <\/span><\/p>\n<div class=\"text_exposed_show\">\n<p style=\"text-align: justify;\">Dawno nie bawi\u0142em si\u0119 tak dobrze <span class=\"_47e3 _5mfr\" title=\"Emotikon smile\"><span class=\"_7oe\" aria-hidden=\"true\">:)<\/span><\/span><br \/>\nTeraz kilka fotek. Ogniskowe to 10-22mm, 40mm, 70-200mm niekt\u00f3re z r\u0119ki a inne ze statywu.<\/p>\n<p style=\"text-align: justify;\">Najwi\u0119cej dozna\u0144 dostarczy\u0142a lornetka DO 8&#215;56 na statywie. Robi\u0107 zdj\u0119cia to jedno, a obserwowa\u0107 przez bino to drugie <span class=\"_47e3 _5mfr\" title=\"Emotikon smile\"><span class=\"_7oe\" aria-hidden=\"true\">:)<\/span><\/span><\/p>\n<\/div>\nngg_shortcode_0_placeholder\n","protected":false},"excerpt":{"rendered":"<p>No wi\u0119c na wczorajsze cz\u0119\u015bciowe za\u0107mienie Ksi\u0119\u017cyca zaprosi\u0142 mnie Kamil. Pojechali\u015bmy wi\u0119c do Wdzydz Kiszewskich, tam jest taka ca\u0142kiem sporawa wie\u017ca widokowa. Wnie\u015bli\u015bmy sprz\u0119t i spokojnie czekali\u015bmy na to co si\u0119 wydarzy. Wsch\u00f3d Ksi\u0119\u017cyca nas zaskoczy\u0142. Bo by\u0142 i to ca\u0142kiem fajny pomimo \u015bredniej perspektywy na niebie.<\/p>\n","protected":false},"author":1,"featured_media":0,"comment_status":"closed","ping_status":"closed","sticky":false,"template":"","format":"standard","meta":{"ngg_post_thumbnail":0,"footnotes":""},"categories":[3,2],"tags":[],"class_list":["post-1930","post","type-post","status-publish","format-standard","hentry","category-astro","category-turystyka"],"_links":{"self":[{"href":"https:\/\/michal.mizera.pl\/index.php\/wp-json\/wp\/v2\/posts\/1930","targetHints":{"allow":["GET"]}}],"collection":[{"href":"https:\/\/michal.mizera.pl\/index.php\/wp-json\/wp\/v2\/posts"}],"about":[{"href":"https:\/\/michal.mizera.pl\/index.php\/wp-json\/wp\/v2\/types\/post"}],"author":[{"embeddable":true,"href":"https:\/\/michal.mizera.pl\/index.php\/wp-json\/wp\/v2\/users\/1"}],"replies":[{"embeddable":true,"href":"https:\/\/michal.mizera.pl\/index.php\/wp-json\/wp\/v2\/comments?post=1930"}],"version-history":[{"count":2,"href":"https:\/\/michal.mizera.pl\/index.php\/wp-json\/wp\/v2\/posts\/1930\/revisions"}],"predecessor-version":[{"id":1951,"href":"https:\/\/michal.mizera.pl\/index.php\/wp-json\/wp\/v2\/posts\/1930\/revisions\/1951"}],"wp:attachment":[{"href":"https:\/\/michal.mizera.pl\/index.php\/wp-json\/wp\/v2\/media?parent=1930"}],"wp:term":[{"taxonomy":"category","embeddable":true,"href":"https:\/\/michal.mizera.pl\/index.php\/wp-json\/wp\/v2\/categories?post=1930"},{"taxonomy":"post_tag","embeddable":true,"href":"https:\/\/michal.mizera.pl\/index.php\/wp-json\/wp\/v2\/tags?post=1930"}],"curies":[{"name":"wp","href":"https:\/\/api.w.org\/{rel}","templated":true}]}}